{"id":1678,"date":"2021-08-07T23:15:12","date_gmt":"2021-08-07T21:15:12","guid":{"rendered":"https:\/\/fichtenblatt.de\/?p=1678"},"modified":"2021-08-07T23:20:10","modified_gmt":"2021-08-07T21:20:10","slug":"fichte-goes-podcast-freihandel-chance-oder-risiko","status":"publish","type":"post","link":"https:\/\/fichtenblatt.de\/?p=1678","title":{"rendered":"Fichte goes Podcast: Freihandel &#8211; Chance oder Risiko?"},"content":{"rendered":"<p style=\"text-align: center;\"><strong>Fichte goes Podcast &#8211; Leistungskurs Politikwissenschaft goes Podcast<\/strong><\/p>\n<p style=\"text-align: justify;\"><em>Die Audiobeitr\u00e4ge entstanden im Rahmen des Leistungskursunterrichts Politikwissenschaft des 11. Jahrgangs\u00a0 im Mai 2021 (Fachlehrer: Herr Lang).<\/p>\n<p><\/em><\/p>\n<p><strong>Freihandel &#8211; historischer R\u00fcckblick und theoretische Grundlagen<\/strong><\/p>\n<audio class=\"wp-audio-shortcode\" id=\"audio-1678-1\" preload=\"none\" style=\"width: 100%;\" controls=\"controls\"><source type=\"audio\/mpeg\" src=\"https:\/\/fichtenblatt.de\/wp-content\/uploads\/2021\/08\/friedrichsimonpodcast3.mp3?_=1\" \/><a href=\"https:\/\/fichtenblatt.de\/wp-content\/uploads\/2021\/08\/friedrichsimonpodcast3.mp3\">https:\/\/fichtenblatt.de\/wp-content\/uploads\/2021\/08\/friedrichsimonpodcast3.mp3<\/a><\/audio>\n<p><strong>NAFTA (North American Free Trade Agreement)<\/strong><\/p>\n<audio class=\"wp-audio-shortcode\" id=\"audio-1678-2\" preload=\"none\" style=\"width: 100%;\" controls=\"controls\"><source type=\"audio\/mpeg\" src=\"https:\/\/fichtenblatt.de\/wp-content\/uploads\/2021\/08\/Podcast-PW-Friederike-und-Simon.mp3?_=2\" \/><a href=\"https:\/\/fichtenblatt.de\/wp-content\/uploads\/2021\/08\/Podcast-PW-Friederike-und-Simon.mp3\">https:\/\/fichtenblatt.de\/wp-content\/uploads\/2021\/08\/Podcast-PW-Friederike-und-Simon.mp3<\/a><\/audio>\n<p><strong>JEFTA (<span class=\"ILfuVd\"><span class=\"hgKElc\">Japan-EU-Free-Trade-Agreement)<\/span><\/span><\/strong><\/p>\n<audio class=\"wp-audio-shortcode\" id=\"audio-1678-3\" preload=\"none\" style=\"width: 100%;\" controls=\"controls\"><source type=\"audio\/mpeg\" src=\"https:\/\/fichtenblatt.de\/wp-content\/uploads\/2021\/08\/JEFTA-Podcast.m4a?_=3\" \/><a href=\"https:\/\/fichtenblatt.de\/wp-content\/uploads\/2021\/08\/JEFTA-Podcast.m4a\">https:\/\/fichtenblatt.de\/wp-content\/uploads\/2021\/08\/JEFTA-Podcast.m4a<\/a><\/audio>\n<p><strong>BREXIT &#8211; Auswirkungen und Streitpunkte<\/strong><\/p>\n<audio class=\"wp-audio-shortcode\" id=\"audio-1678-4\" preload=\"none\" style=\"width: 100%;\" controls=\"controls\"><source type=\"audio\/mpeg\" src=\"https:\/\/fichtenblatt.de\/wp-content\/uploads\/2021\/08\/Jonah-und-Fabi-Podcast-Brexit-und-Folgen.mp3?_=4\" \/><a href=\"https:\/\/fichtenblatt.de\/wp-content\/uploads\/2021\/08\/Jonah-und-Fabi-Podcast-Brexit-und-Folgen.mp3\">https:\/\/fichtenblatt.de\/wp-content\/uploads\/2021\/08\/Jonah-und-Fabi-Podcast-Brexit-und-Folgen.mp3<\/a><\/audio>\n<p><strong>Freihandel und Schiedsgerichtsbarkeit <\/strong><\/p>\n<audio class=\"wp-audio-shortcode\" id=\"audio-1678-5\" preload=\"none\" style=\"width: 100%;\" controls=\"controls\"><source type=\"audio\/mpeg\" src=\"https:\/\/fichtenblatt.de\/wp-content\/uploads\/2021\/08\/Schiedsgerichte-Dariush-Jacob-Oli.mp3?_=5\" \/><a href=\"https:\/\/fichtenblatt.de\/wp-content\/uploads\/2021\/08\/Schiedsgerichte-Dariush-Jacob-Oli.mp3\">https:\/\/fichtenblatt.de\/wp-content\/uploads\/2021\/08\/Schiedsgerichte-Dariush-Jacob-Oli.mp3<\/a><\/audio>\n<p><strong><br \/>\nEthischer Welthandel (nach Christian Felber)<br \/>\n(Hinweis: Christian Felber wird hier durch einen Sch\u00fcler des Leistungskurses imitiert!)<\/strong><\/p>\n<audio class=\"wp-audio-shortcode\" id=\"audio-1678-6\" preload=\"none\" style=\"width: 100%;\" controls=\"controls\"><source type=\"audio\/mpeg\" src=\"https:\/\/fichtenblatt.de\/wp-content\/uploads\/2021\/08\/PWLK-Lilli-Noah-Ethischer-Welthandel-Podcast.mp3?_=6\" \/><a href=\"https:\/\/fichtenblatt.de\/wp-content\/uploads\/2021\/08\/PWLK-Lilli-Noah-Ethischer-Welthandel-Podcast.mp3\">https:\/\/fichtenblatt.de\/wp-content\/uploads\/2021\/08\/PWLK-Lilli-Noah-Ethischer-Welthandel-Podcast.mp3<\/a><\/audio>\n<p>&nbsp;<\/p>\n<p><strong>Im Unterricht und f\u00fcr die Erstellung der Audiobeitr\u00e4ge haupts\u00e4chlich genutzte Quellen:<\/strong><br \/>\nBalser, Markus: Die Schatten der Schattenjustiz. In: sueddeutsche.de ; 29. Juli 2014.<br \/>\nURL: <a href=\"https:\/\/www.sueddeutsche.de\/wirtschaft\/internationale-schiedsgerichte-die-schatten-der-schattenjustiz-1.2067805\">https:\/\/www.sueddeutsche.de\/wirtschaft\/internationale-schiedsgerichte-die-schatten-der-schattenjustiz-1.2067805<\/a><br \/>\nBarlow, Maude\/ Jennar, Raoul Marc: Parteiische Schiedsrichter. In: monde-diplomatique.de ; 11.02.2016.<br \/>\nURL: <a href=\"https:\/\/monde-diplomatique.de\/artikel\/!5274691\">https:\/\/monde-diplomatique.de\/artikel\/!5274691<\/a><br \/>\nBubrowski, Helene: Schiedsgerichte sind gerechter. In: faz.net ; 25.01.2014.<br \/>\nURL: <a href=\"https:\/\/www.faz.net\/aktuell\/politik\/staat-und-recht\/freihandelsabkommen-schiedsgerichte-sind-gerechter-12768294.html\">https:\/\/www.faz.net\/aktuell\/politik\/staat-und-recht\/freihandelsabkommen-schiedsgerichte-sind-gerechter-12768294.html<\/a><br \/>\nEisenmann, Barbara: NAFTA (Dossier). In: Deutschlandradio. Sendung vom 21.11.2014. URL: <a href=\"http:\/\/www.deutschlandfunk.de\/index.media.f0b750c040ba6ec4654f1f8033df7591.pdf\">www.deutschlandfunk.de\/index.media.f0b750c040ba6ec4654f1f8033df7591.pdf<\/a><br \/>\nFelber, Christian: Ethischer Welthandel. Alternativen zu TTIP, WTO &amp; Co. Wien 2017.<br \/>\nFredrich, Benjamin\/ Blatzheim, Sebastian: TTIP. Freihandelsabkommen, das 40. In: katapult-magazin.de ; ver\u00f6ffentlicht am 14.08.2015.<br \/>\nURL: <a href=\"https:\/\/katapult-magazin.de\/de\/artikel\/artikel\/fulltext\/freihandelsabkommen-das-40\/\">https:\/\/katapult-magazin.de\/de\/artikel\/artikel\/fulltext\/freihandelsabkommen-das-40\/<\/a><br \/>\nGiegold, Sven: Jefta ist schlecht. In: fr.de ; 10.07.2018.<br \/>\nURL: <a href=\"https:\/\/www.fr.de\/wirtschaft\/jefta-schlecht-10956924.html\">https:\/\/www.fr.de\/wirtschaft\/jefta-schlecht-10956924.html<\/a><br \/>\nHegemann, Lisa: N\u00fcrnberger Bratw\u00fcrste und Fetak\u00e4se f\u00fcr Japan. In: ZEIT.de ; 02.02.2019.<br \/>\nURL: h<a href=\"ttps:\/\/www.zeit.de\/politik\/ausland\/2019-02\/freihandelsabkommen-jefta-eu-japan-freihandel-ziele\">ttps:\/\/www.zeit.de\/politik\/ausland\/2019-02\/freihandelsabkommen-jefta-eu-japan-freihandel-ziele<\/a><br \/>\nK\u00f6lling, Martin: Die Freihandelszone zwischen der EU und Japan ist ein Erfolgsgeschichte. In: handelsblatt.com ; 15.11.2020.<br \/>\nURL: <a href=\"https:\/\/www.handelsblatt.com\/politik\/international\/internationaler-handel-die-freihandelszone-zwischen-der-eu-und-japan-ist-eine-erfolgsgeschichte\/26625646.html?ticket=ST-2727257-oUY0OLatViQSPaNO397V-ap6\">https:\/\/www.handelsblatt.com\/politik\/international\/internationaler-handel-die-freihandelszone-zwischen-der-eu-und-japan-ist-eine-erfolgsgeschichte\/26625646.html?ticket=ST-2727257-oUY0OLatViQSPaNO397V-ap6<\/a><br \/>\nK\u00fcstermann, Maximilian: Die Konstitutionalisierung des Neoliberalismus. In: katapult-magazin.de ; ver\u00f6ffentlicht am 22.10.2016.<br \/>\nURL: <a href=\"https:\/\/katapult-magazin.de\/de\/artikel\/artikel\/fulltext\/die-konstitutionalisierung-des-neoliberalismus\/\">https:\/\/katapult-magazin.de\/de\/artikel\/artikel\/fulltext\/die-konstitutionalisierung-des-neoliberalismus\/<\/a><br \/>\nM\u00fchlbauer, Peter: Gutachten: Private Schiedsgerichte in TTIP sind grundgesetzwidrig. In: heise.de ; 20.01.2015.<br \/>\nURL: <a href=\"https:\/\/www.heise.de\/tp\/features\/Gutachten-Private-Schiedsgerichte-in-TTIP-sind-grundgesetzwidrig-3369641.html\">https:\/\/www.heise.de\/tp\/features\/Gutachten-Private-Schiedsgerichte-in-TTIP-sind-grundgesetzwidrig-3369641.html<\/a><br \/>\nProchnow, Stefan\/Langhans, Ingo: Welthandel und Weltfinanzsystem. Kompetent in Wirtschaft, Stuttgart 2011.<br \/>\nPolansky, Martin: Mexiko unterm Strich als Gewinner. In: Deutschlandfunk.de. Vom 23.05.2014. URL: <a href=\"http:\/\/www.deutschlandfunk.de\/freihandelsabkommen-nafta-mexiko-unterm-strich-als-gewinner.697.de.html?dram:article_id=287229\">www.deutschlandfunk.de\/freihandelsabkommen-nafta-mexiko-unterm-strich-als-gewinner.697.de.html?dram:article_id=287229<\/a><br \/>\nPoppinga, Hannes: Globalisierung; Wochenschau Basisheft Nr. 6 Nov.\/Dez. 2014, S. 42-43.<br \/>\nWeisheit, Doreen: Positives Zwischenbilanz: Ein Jahr Freihandelsabkommen zwischen EU und Japan. Datum unbekannt.<br \/>\nURL: <a href=\"https:\/\/www.braunschweig.ihk.de\/beratung-und-service\/aussenwirtschaft\/aktuelles\/ein-jahr-jefta-4695108\">https:\/\/www.braunschweig.ihk.de\/beratung-und-service\/aussenwirtschaft\/aktuelles\/ein-jahr-jefta-4695108<\/a><br \/>\nWeiss, Sandra: Welche Risiken birgt das neue Freihandelsabkommen UiSMCA f\u00fcr Mexiko? In: dw.com ; 02.07.2020.<br \/>\nURL: <a href=\"https:\/\/p.dw.com\/p\/3efg4\">https:\/\/p.dw.com\/p\/3efg4<\/a><\/p>\n<p>&nbsp;<\/p>\n","protected":false},"excerpt":{"rendered":"<p>Fichte goes Podcast &#8211; Leistungskurs Politikwissenschaft goes Podcast Die Audiobeitr\u00e4ge entstanden im Rahmen des Leistungskursunterrichts Politikwissenschaft des 11. Jahrgangs\u00a0 im Mai 2021 (Fachlehrer: Herr Lang). Freihandel &#8211; historischer R\u00fcckblick und theoretische Grundlagen NAFTA (North American Free Trade Agreement) JEFTA (Japan-EU-Free-Trade-Agreement) BREXIT &#8211; Auswirkungen und Streitpunkte Freihandel und Schiedsgerichtsbarkeit Ethischer Welthandel (nach Christian Felber) (Hinweis: Christian [&hellip;]<\/p>\n","protected":false},"author":2,"featured_media":0,"comment_status":"closed","ping_status":"open","sticky":false,"template":"","format":"standard","meta":{"footnotes":""},"categories":[1,31,6],"tags":[],"class_list":["post-1678","post","type-post","status-publish","format-standard","hentry","category-allgemein","category-audiobeitraege","category-politik"],"_links":{"self":[{"href":"https:\/\/fichtenblatt.de\/index.php?rest_route=\/wp\/v2\/posts\/1678","targetHints":{"allow":["GET"]}}],"collection":[{"href":"https:\/\/fichtenblatt.de\/index.php?rest_route=\/wp\/v2\/posts"}],"about":[{"href":"https:\/\/fichtenblatt.de\/index.php?rest_route=\/wp\/v2\/types\/post"}],"author":[{"embeddable":true,"href":"https:\/\/fichtenblatt.de\/index.php?rest_route=\/wp\/v2\/users\/2"}],"replies":[{"embeddable":true,"href":"https:\/\/fichtenblatt.de\/index.php?rest_route=%2Fwp%2Fv2%2Fcomments&post=1678"}],"version-history":[{"count":9,"href":"https:\/\/fichtenblatt.de\/index.php?rest_route=\/wp\/v2\/posts\/1678\/revisions"}],"predecessor-version":[{"id":1697,"href":"https:\/\/fichtenblatt.de\/index.php?rest_route=\/wp\/v2\/posts\/1678\/revisions\/1697"}],"wp:attachment":[{"href":"https:\/\/fichtenblatt.de\/index.php?rest_route=%2Fwp%2Fv2%2Fmedia&parent=1678"}],"wp:term":[{"taxonomy":"category","embeddable":true,"href":"https:\/\/fichtenblatt.de\/index.php?rest_route=%2Fwp%2Fv2%2Fcategories&post=1678"},{"taxonomy":"post_tag","embeddable":true,"href":"https:\/\/fichtenblatt.de\/index.php?rest_route=%2Fwp%2Fv2%2Ftags&post=1678"}],"curies":[{"name":"wp","href":"https:\/\/api.w.org\/{rel}","templated":true}]}}