{"id":1718,"date":"2021-09-13T22:20:48","date_gmt":"2021-09-13T20:20:48","guid":{"rendered":"https:\/\/fichtenblatt.de\/?p=1718"},"modified":"2021-09-13T22:20:48","modified_gmt":"2021-09-13T20:20:48","slug":"die-redaktion-stellt-sich-vor-i-2021","status":"publish","type":"post","link":"https:\/\/fichtenblatt.de\/?p=1718","title":{"rendered":"Die Redaktion stellt sich vor (I-2021)"},"content":{"rendered":"<p style=\"text-align: justify;\"><em>Das neue Schuljahr hat gerade begonnen und im dritten Jahr gibt es an der Fichte im regul\u00e4ren Unterricht das Wahlpflichtangebot \u201eSchulzeitung\u201c (Jahrgangsstufe 8). <\/em><em>Ein\u00a0 Teil der Sch\u00fcler*innengruppe stellt sich im Folgenden durch Kurzinterviews vor. <\/em><\/p>\n<p><strong><em>Kurzinterview mit Su (gef\u00fchrt von Lilo)<\/em><\/strong><\/p>\n<p>Lilo: Wie findest du das Wahlpflichtfach &#8222;Schulzeitung&#8220;?<br \/>\nSu: Also ich finde es bisher sehr interessant \u00a0und mir macht es auch viel Spa\u00df. Besonders die Schreib\u00fcbungen.<\/p>\n<p>Lilo: Wie findest du die Zeitung des letzen Jahres?<strong><br \/>\n<\/strong>Su: Ich finde die Sch\u00fclerzeitung des letzten Jahres ist sehr gelungen, sie hat sehr viele verschiedene Themenbereiche und auch die Gestaltung ist sch\u00f6n.<\/p>\n<p>Lilo: Welche Fremdsprache hast du gew\u00e4hlt?<br \/>\nSu: Ich hab Spanisch gew\u00e4hlt.<\/p>\n<p>Lilo: Welche Sprachen sprichst du zu Hause?<strong><br \/>\n<\/strong>Su: Ich spreche Deutsch und T\u00fcrkisch zu Hause.<\/p>\n<p>Lilo: Was h\u00e4ltst du davon, dass man sich ab 12 Jahren impfen lassen kann?<br \/>\nSu: Ich finde,\u00a0 dass es f\u00fcr Risikopatienten wichtig ist und f\u00fcr diejenigen, die es wollen, ist es auch gut. Aber ich w\u00fcrde mich eher noch nicht impfen lassen, weil die Nebenwirkungen noch nicht ganz sicher sind. Also w\u00fcrde ich noch einige Monate warten, bis ich mich Impfen lasse.<\/p>\n<p>Lilo: Bist du generell zufrieden an der Fichte?<strong><br \/>\n<\/strong>Su: Ja ich bin bis jetzt sehr zufrieden an der Fichte.<\/p>\n<p><strong><em>Kurzinterview mit Lili (gef\u00fchrt von Annika)<\/em><\/strong><\/p>\n<p>Annika: Wie gef\u00e4llt dir das Wahlpflichtfach &#8222;Schulzeitung&#8220;?<br \/>\nLili: Mir gef\u00e4llt es sehr gut und ich finde es auch sehr sch\u00f6n, dass man kreativ schreiben kann.<\/p>\n<p>Annika: Wie findest du die Sch\u00fclerzeitung des letzten Jahres?<br \/>\nLili: Ich finde, dass die letzte Sch\u00fclerzeitung interessant ist und es ist gut, dass es so viele Mitmach-Seiten gibt. Das Einzige, was ich auszusetzen habe, ist das Design, weil ich finde, dass es etwas zu gr\u00fcn ist.<\/p>\n<p>Annika: Welche Fremdsprache hast du gew\u00e4hlt?<br \/>\nLili: Ich habe Franz\u00f6sisch gew\u00e4hlt, weil mir diese Sprache sehr gef\u00e4llt und ich finde, dass sie sch\u00f6n klingt.<\/p>\n<p>Annika: Welche Sprache\/n sprichst du zu Hause?<br \/>\nLili: Ich spreche zu Hause Deutsch und Italienisch.<\/p>\n<p>Annika: Was h\u00e4ltst du davon, dass sich Zw\u00f6lfj\u00e4hrige jetzt auch gegen Corona impfen lassen d\u00fcrfen?<br \/>\nLili: Eigentlich finde ich das gut, da man somit schneller die Masse impfen kann, wenn man auch schon mit den Jugendlichen beginnt und nicht nur mit den \u00c4lteren. Au\u00dferdem w\u00fcrde man durch die Impfungen viel mehr Freiheiten bekommen. Viele Gesch\u00e4fte im Einzelhandel k\u00f6nnten wieder \u00f6ffnen, weil es einfach nicht mehr so viele Leute gibt, die sich schnell anstecken.<\/p>\n<p>Annika: W\u00fcrdest du dich auch gegen Corona impfen lassen?<br \/>\nLili: Ich w\u00fcrde mich eigentlich gerne impfen lassen, aber ich w\u00fcrde vielleicht noch etwas abwarten, bis ich noch mehr \u00fcber die Nebenwirkungen wei\u00df und bis es mehr Prognosen und Artikel dar\u00fcber gibt. Aber sonst lasse ich mich gerne impfen, weil das nat\u00fcrlich viele Vorteile hat, dass man sich selbst und andere sch\u00fctzen kann.<\/p>\n<p>Annika: Bist du generell damit zufrieden an der Fichte zu sein?<br \/>\nLili: Ja, ich bin damit sehr zufrieden, da ich nette Lehrer habe und viele neue Freunde kennen gelernt habe.<\/p>\n<p><em><strong>Kurzinterview mit Serafina (gef\u00fchrt von Stella)<\/strong><\/em><\/p>\n<p>Stella: Wie hei\u00dft du?<br \/>\nSerafina: Ich hei\u00dfe Serafina<\/p>\n<p>Stella: Geht es dir gerade gut? Wenn nicht, warum?<br \/>\nSerafina: Es geht mir eigentlich ganz gut.\u00a0 Ich bin nur jetzt schon ersch\u00f6pft von dem Tag und wir haben noch alles vor uns.<\/p>\n<p>Stella: F\u00fchlst du dich wohl hier an der Fichte?<br \/>\nSerafina: Ja! Ich finde die Schule sehr sch\u00f6n und die Lehrer sind auch nett.<\/p>\n<p>Stella: Hast du sonst irgendwelche Probleme?<br \/>\nSerafina: Nein eigentlich nicht.<\/p>\n<p>Stella: Was besch\u00e4ftigt dich in letzter Zeit? Oder hast du irgendwelche Hobbys im Moment?<br \/>\nSerafina: Also ich mach jetzt schon seit f\u00fcnf Jahren Capoeira und sonst liebe ich es zu schwimmen, zu turnen und zu surfen. Au\u00dferdem hab ich jetzt auch Volleyball angefangen.<\/p>\n<p>Stella: Unterst\u00fctz du lgbtq+?<br \/>\nSerafina: Ja klar! Ich finde jeder Mensch sollte lieben, wen er\/*sie m\u00f6chte.<\/p>\n<p>Stella: Was machst du, wenn jemand in deinem Umkreis etwas homophobes sagt?<br \/>\nSerafina: Ich finde diese Menschen m\u00fcssen es nicht unterst\u00fctzen, aber wenigstens akzeptieren. Also ich akzeptiere ihre Meinung, aber sie sollten sich \u00f6ffentlich nicht negativ dazu \u00e4u\u00dfern, weil es auch Menschen verletzen kann. Wenn jemand etwas homophobes in meinem Umkreis sagt, spreche ich sie darauf an.<\/p>\n<p><strong><em>Kurzinterview mit Amelie (gef\u00fchrt von Rebecca)<\/em><\/strong><\/p>\n<p>Rebecca: Was ist deine Lieblingsfarbe<br \/>\nAmelie: Gr\u00fcn.<\/p>\n<p>Rebecca: Was ist dein Lieblingsfilm\/Serie\/Genre?<br \/>\nAmelie: Little women; WandaVision; Comedy.<\/p>\n<p>Rebecca: Gibt es eine Partei, die du w\u00e4hlen w\u00fcrdest?<br \/>\nAmelie: Eigentlich keine, aber wennich w\u00e4hlen m\u00fcsste, dann ,,die Gr\u00fcnen\u201c.<\/p>\n<p>Rebecca: Warum w\u00fcrdest du sie w\u00e4hlen?<br \/>\nAmelie: Da sie sich gegen den Klimawandel einsetzen.<\/p>\n<p>Rebecca: Setzt du dich f\u00fcr etwas ein?<br \/>\nAmelie: F\u00fcr den Klimaschutz und f\u00fcr Gleichberechtigung.<\/p>\n<p>Rebecca: Warum setzt du dich daf\u00fcr ein?<br \/>\nAmelie: Damit der Klimawandel verhindert wird und Gleichberechtigung zwischen Mann und Frau erreicht wird.<\/p>\n<p>Rebecca: Was w\u00fcnscht dir von andern bzw. der Politik?<br \/>\nAmelie: Ich w\u00fcnsche mir, dass sie konsequenter werden und mehr Respekt vor der Natur haben.<\/p>\n","protected":false},"excerpt":{"rendered":"<p>Das neue Schuljahr hat gerade begonnen und im dritten Jahr gibt es an der Fichte im regul\u00e4ren Unterricht das Wahlpflichtangebot \u201eSchulzeitung\u201c (Jahrgangsstufe 8). Ein\u00a0 Teil der Sch\u00fcler*innengruppe stellt sich im Folgenden durch Kurzinterviews vor. Kurzinterview mit Su (gef\u00fchrt von Lilo) Lilo: Wie findest du das Wahlpflichtfach &#8222;Schulzeitung&#8220;? Su: Also ich finde es bisher sehr interessant [&hellip;]<\/p>\n","protected":false},"author":2,"featured_media":0,"comment_status":"closed","ping_status":"open","sticky":false,"template":"","format":"standard","meta":{"footnotes":""},"categories":[1,26],"tags":[],"class_list":["post-1718","post","type-post","status-publish","format-standard","hentry","category-allgemein","category-redaktion"],"_links":{"self":[{"href":"https:\/\/fichtenblatt.de\/index.php?rest_route=\/wp\/v2\/posts\/1718","targetHints":{"allow":["GET"]}}],"collection":[{"href":"https:\/\/fichtenblatt.de\/index.php?rest_route=\/wp\/v2\/posts"}],"about":[{"href":"https:\/\/fichtenblatt.de\/index.php?rest_route=\/wp\/v2\/types\/post"}],"author":[{"embeddable":true,"href":"https:\/\/fichtenblatt.de\/index.php?rest_route=\/wp\/v2\/users\/2"}],"replies":[{"embeddable":true,"href":"https:\/\/fichtenblatt.de\/index.php?rest_route=%2Fwp%2Fv2%2Fcomments&post=1718"}],"version-history":[{"count":3,"href":"https:\/\/fichtenblatt.de\/index.php?rest_route=\/wp\/v2\/posts\/1718\/revisions"}],"predecessor-version":[{"id":1721,"href":"https:\/\/fichtenblatt.de\/index.php?rest_route=\/wp\/v2\/posts\/1718\/revisions\/1721"}],"wp:attachment":[{"href":"https:\/\/fichtenblatt.de\/index.php?rest_route=%2Fwp%2Fv2%2Fmedia&parent=1718"}],"wp:term":[{"taxonomy":"category","embeddable":true,"href":"https:\/\/fichtenblatt.de\/index.php?rest_route=%2Fwp%2Fv2%2Fcategories&post=1718"},{"taxonomy":"post_tag","embeddable":true,"href":"https:\/\/fichtenblatt.de\/index.php?rest_route=%2Fwp%2Fv2%2Ftags&post=1718"}],"curies":[{"name":"wp","href":"https:\/\/api.w.org\/{rel}","templated":true}]}}