{"id":1824,"date":"2021-12-14T23:29:43","date_gmt":"2021-12-14T22:29:43","guid":{"rendered":"https:\/\/fichtenblatt.de\/?p=1824"},"modified":"2021-12-14T23:29:44","modified_gmt":"2021-12-14T22:29:44","slug":"weihnachtsdeko","status":"publish","type":"post","link":"https:\/\/fichtenblatt.de\/?p=1824","title":{"rendered":"Weihnachtsdeko"},"content":{"rendered":"<p style=\"text-align: center;\">Annika und Lili (beide 8a und in diesem Schuljahr Redakteur*innen des Fichtenblattes) haben als Einstimmung f\u00fcr Weihnachten eine Themenseite mit weihnachtlichen Ideen f\u00fcr euch gestaltet!<\/p>\n<p style=\"text-align: center;\"><strong>Wir w\u00fcnschen euch allen frohe Weihnachten!<\/strong><\/p>\n<p style=\"text-align: center;\"><a href=\"https:\/\/fichtenblatt.de\/wp-content\/uploads\/2021\/12\/Weihnachtsthemenseite.jpg\"><img loading=\"lazy\" decoding=\"async\" class=\"size-medium wp-image-1832 aligncenter\" src=\"https:\/\/fichtenblatt.de\/wp-content\/uploads\/2021\/12\/Weihnachtsthemenseite-211x300.jpg\" alt=\"\" width=\"211\" height=\"300\" srcset=\"https:\/\/fichtenblatt.de\/wp-content\/uploads\/2021\/12\/Weihnachtsthemenseite-211x300.jpg 211w, https:\/\/fichtenblatt.de\/wp-content\/uploads\/2021\/12\/Weihnachtsthemenseite.jpg 644w\" sizes=\"auto, (max-width: 211px) 100vw, 211px\" \/><\/a><\/p>\n<p style=\"text-align: left;\">Die verwendeten Bilder d\u00fcrfen ohne Bildnachweis genutzt werden. Hier dennoch die Pixabay-Links zu den Bildern:<br \/>\nhttps:\/\/pixabay.com\/de\/photos\/zitronenscheiben-232210\/<br \/>\nhttps:\/\/pixabay.com\/de\/photos\/kandierter-apfel-%c3%a4pfel-obst-1089476\/<br \/>\nhttps:\/\/pixabay.com\/de\/photos\/weihnachtsmarkt-weihnachten-4705885\/<\/p>\n","protected":false},"excerpt":{"rendered":"<p>Annika und Lili (beide 8a und in diesem Schuljahr Redakteur*innen des Fichtenblattes) haben als Einstimmung f\u00fcr Weihnachten eine Themenseite mit weihnachtlichen Ideen f\u00fcr euch gestaltet! Wir w\u00fcnschen euch allen frohe Weihnachten! Die verwendeten Bilder d\u00fcrfen ohne Bildnachweis genutzt werden. Hier dennoch die Pixabay-Links zu den Bildern: https:\/\/pixabay.com\/de\/photos\/zitronenscheiben-232210\/ https:\/\/pixabay.com\/de\/photos\/kandierter-apfel-%c3%a4pfel-obst-1089476\/ https:\/\/pixabay.com\/de\/photos\/weihnachtsmarkt-weihnachten-4705885\/<\/p>\n","protected":false},"author":2,"featured_media":1830,"comment_status":"closed","ping_status":"open","sticky":false,"template":"","format":"standard","meta":{"footnotes":""},"categories":[1,26],"tags":[],"class_list":["post-1824","post","type-post","status-publish","format-standard","has-post-thumbnail","hentry","category-allgemein","category-redaktion"],"_links":{"self":[{"href":"https:\/\/fichtenblatt.de\/index.php?rest_route=\/wp\/v2\/posts\/1824","targetHints":{"allow":["GET"]}}],"collection":[{"href":"https:\/\/fichtenblatt.de\/index.php?rest_route=\/wp\/v2\/posts"}],"about":[{"href":"https:\/\/fichtenblatt.de\/index.php?rest_route=\/wp\/v2\/types\/post"}],"author":[{"embeddable":true,"href":"https:\/\/fichtenblatt.de\/index.php?rest_route=\/wp\/v2\/users\/2"}],"replies":[{"embeddable":true,"href":"https:\/\/fichtenblatt.de\/index.php?rest_route=%2Fwp%2Fv2%2Fcomments&post=1824"}],"version-history":[{"count":3,"href":"https:\/\/fichtenblatt.de\/index.php?rest_route=\/wp\/v2\/posts\/1824\/revisions"}],"predecessor-version":[{"id":1833,"href":"https:\/\/fichtenblatt.de\/index.php?rest_route=\/wp\/v2\/posts\/1824\/revisions\/1833"}],"wp:featuredmedia":[{"embeddable":true,"href":"https:\/\/fichtenblatt.de\/index.php?rest_route=\/wp\/v2\/media\/1830"}],"wp:attachment":[{"href":"https:\/\/fichtenblatt.de\/index.php?rest_route=%2Fwp%2Fv2%2Fmedia&parent=1824"}],"wp:term":[{"taxonomy":"category","embeddable":true,"href":"https:\/\/fichtenblatt.de\/index.php?rest_route=%2Fwp%2Fv2%2Fcategories&post=1824"},{"taxonomy":"post_tag","embeddable":true,"href":"https:\/\/fichtenblatt.de\/index.php?rest_route=%2Fwp%2Fv2%2Ftags&post=1824"}],"curies":[{"name":"wp","href":"https:\/\/api.w.org\/{rel}","templated":true}]}}