{"id":2160,"date":"2024-03-23T15:25:11","date_gmt":"2024-03-23T14:25:11","guid":{"rendered":"https:\/\/fichtenblatt.de\/?p=2160"},"modified":"2024-03-23T15:25:11","modified_gmt":"2024-03-23T14:25:11","slug":"franzoesisch-austausch-strassburg-berlin-notre-echange-francais-8a","status":"publish","type":"post","link":"https:\/\/fichtenblatt.de\/?p=2160","title":{"rendered":"Franz\u00f6sisch Austausch Stra\u00dfburg-Berlin \/ Notre \u00e9change fran\u00e7ais 8a"},"content":{"rendered":"<p style=\"text-align: justify;\">In der Woche vom 18.02.2024 (Sonntag) bis zum 23.02.2024 (Freitag) kamen aus Stra\u00dfburg 31 Austauschsch\u00fcler:innen zu uns in die Klasse. Fast alle aus unserer Klasse nahmen eine:n Sch\u00fcler:in auf.<\/p>\n<p style=\"text-align: justify;\">Unsere Austauschgruppe unternahm am Montag einen Stadtspaziergang durch Berlin, um verschiedene Attraktionen zu besichtigen. Wir besichtigten Checkpoint Charlie, Mall Of Berlin, Holocaust-Mahnmal, die Siegess\u00e4ule, den Potsdamer und den Leipziger Platz und das Brandenburger Tor.<\/p>\n<p style=\"text-align: justify;\">Wir, die Sch\u00fcler:innen aus der 8a, haben zu den unterschiedlichen Attraktionen in Gruppen von ein bis drei bzw. vier Leuten Vortr\u00e4ge gehalten.<\/p>\n<p style=\"text-align: justify;\">W\u00e4hrend wir Dienstag und Mittwoch regul\u00e4r Unterricht hatten, waren die Franzosen wieder in der Stadt unterwegs und haben weitere Attraktionen wie Madame Tussauds besichtigt.<\/p>\n<p style=\"text-align: justify;\"><img loading=\"lazy\" decoding=\"async\" class=\"size-medium wp-image-2163 alignleft\" src=\"https:\/\/fichtenblatt.de\/wp-content\/uploads\/2024\/03\/20240222_131540-300x225.jpg\" alt=\"\" width=\"300\" height=\"225\" srcset=\"https:\/\/fichtenblatt.de\/wp-content\/uploads\/2024\/03\/20240222_131540-300x225.jpg 300w, https:\/\/fichtenblatt.de\/wp-content\/uploads\/2024\/03\/20240222_131540-1024x768.jpg 1024w, https:\/\/fichtenblatt.de\/wp-content\/uploads\/2024\/03\/20240222_131540-768x576.jpg 768w, https:\/\/fichtenblatt.de\/wp-content\/uploads\/2024\/03\/20240222_131540-1536x1152.jpg 1536w, https:\/\/fichtenblatt.de\/wp-content\/uploads\/2024\/03\/20240222_131540-2048x1536.jpg 2048w, https:\/\/fichtenblatt.de\/wp-content\/uploads\/2024\/03\/20240222_131540-816x612.jpg 816w\" sizes=\"auto, (max-width: 300px) 100vw, 300px\" \/>Am Donnerstag hatten wir wieder alle zusammen Programm. Wir haben uns um 9:30\u00a0Uhr am Alexanderplatz getroffen und sind dann zur Aussichtsplattform des Fernsehturms hochgefahren.<\/p>\n<p style=\"text-align: justify;\">Zum Fernsehturm, wie auch zum Alexanderplatz, zum Roten Rathaus und zum Humboldt Forum, gab es weitere Vortr\u00e4ge, vorbereitet von Sch\u00fcler:innen der 8a.<\/p>\n<p style=\"text-align: justify;\">Wir hatten am Alexanderplatz Freizeit und sind mit unseren Austauschsch\u00fcler:innen essen gegangen und haben ihnen den Platz ein bisschen gezeigt.<\/p>\n<p style=\"text-align: justify;\">Am Abend ging es dann zur Abschlussparty ins \u201eHaus am See\u201c. Dort gab es Musik und Snacks. Wir waren dort von 17:30 bis 20:00 Uhr. Wir hatten einen tollen Abend zusammen mit den Franzosen.<\/p>\n<p style=\"text-align: justify;\">Am Freitag gab es, bevor die Franzosen abgefahren sind, ein gemeinsames Fr\u00fchst\u00fcck mit Obst, Croissants, Pains au chocolat, Tee und Kaffee.<\/p>\n<p style=\"text-align: justify;\">Es war eine sehr sch\u00f6ne Zeit mit den Franzosen.<\/p>\n<p style=\"text-align: justify;\">In etwas mehr als zwei Wochen fahren wir, die 8a, auch nach Stra\u00dfburg. Es wird bestimmt genauso sch\u00f6n, wie es hier war.<\/p>\n<p style=\"text-align: justify;\">Ein gro\u00dfes Dankesch\u00f6n noch an den F\u00f6rderverein!!<\/p>\n<p style=\"text-align: justify;\">Au\u00dferdem m\u00f6chten wir gerne noch unserer Franz\u00f6sischlehrerin Frau Maretzki danken, f\u00fcr die Organisationen und die Begleitung von unseren Ausfl\u00fcgen!!!<\/p>\n<p style=\"text-align: justify;\"><em>Holly, 8a<\/em><\/p>\n<p style=\"text-align: justify;\"><strong>Notre \u00e9change fran\u00e7ais 8a<\/strong><\/p>\n<p style=\"text-align: justify;\">Dans la semaine du 18. 2. 2024 au 23. 2. 2024,<\/p>\n<p style=\"text-align: justify;\">31 \u00e9l\u00e8ves de Strasbourg sont venus dans notre classe.<\/p>\n<p style=\"text-align: justify;\">Presque tous les \u00e9l\u00e8ves ont choisi un correspondant.<\/p>\n<p style=\"text-align: justify;\">Le lundi, notre groupe a fait un parcours dans Berlin et a visit\u00e9 beaucoup de sites touristiques.<\/p>\n<p style=\"text-align: justify;\">Nous avons visit\u00e9 le Checkpoint Charlie, Mall Of Berlin, le monumen de Holocaust, la colonne de la victoire, la place de Potsdam, la Place de Leipzig, et le port de Brandenbourg.<\/p>\n<p style=\"text-align: justify;\">Nous, les \u00e9l\u00e8ves de la classe 8a, ont prepar\u00e9 des expos\u00e9s pour les sites touristiques. Pendant le mardi et le mercredi nous avons eu cours.<\/p>\n<p style=\"text-align: justify;\">Mais les Fran\u00e7ais ont visite d&#8217;autres sites touristiques par exemple le Madame Tussaud.<\/p>\n<p style=\"text-align: justify;\">Le jeudi, nous avons encore eu un programme ensemble.<\/p>\n<p style=\"text-align: justify;\">Nous nous sommes rencontr\u00e9s sur la Place Alexander \u00e0 9h 30 et apr\u00e8s nous avons visit\u00e9 la plateforme d&#8217;observation de la tour de t\u00e9l\u00e9vision.<\/p>\n<p style=\"text-align: justify;\"><img loading=\"lazy\" decoding=\"async\" class=\"size-medium wp-image-2161 alignright\" src=\"https:\/\/fichtenblatt.de\/wp-content\/uploads\/2024\/03\/20240222_104048-251x300.jpg\" alt=\"\" width=\"251\" height=\"300\" srcset=\"https:\/\/fichtenblatt.de\/wp-content\/uploads\/2024\/03\/20240222_104048-251x300.jpg 251w, https:\/\/fichtenblatt.de\/wp-content\/uploads\/2024\/03\/20240222_104048-856x1024.jpg 856w, https:\/\/fichtenblatt.de\/wp-content\/uploads\/2024\/03\/20240222_104048-768x919.jpg 768w, https:\/\/fichtenblatt.de\/wp-content\/uploads\/2024\/03\/20240222_104048-1284x1536.jpg 1284w, https:\/\/fichtenblatt.de\/wp-content\/uploads\/2024\/03\/20240222_104048-1712x2048.jpg 1712w, https:\/\/fichtenblatt.de\/wp-content\/uploads\/2024\/03\/20240222_104048-816x976.jpg 816w\" sizes=\"auto, (max-width: 251px) 100vw, 251px\" \/>Il y avait aussi des expos\u00e9s pour la tour de t\u00e9l\u00e9vision, le forum de Humboldt et la Place Alexander et la Mairie Rouge.<\/p>\n<p style=\"text-align: justify;\">Nous avons eu une pause \u00e0 la Place Alexender et nous avons montr\u00e9 la place \u00e0 nos correspondants.<\/p>\n<p style=\"text-align: justify;\">Le soir, nous sommes all\u00e9s \u00e0 la f\u00eate d&#8217;adieu de \u00ab Haus am See \u00bb.<\/p>\n<p style=\"text-align: justify;\">Il y avait de l\u00e0 musique et aussi des collations.<\/p>\n<p style=\"text-align: justify;\">Nous avons f\u00eat\u00e9 l\u00e0 bas de 17:30h au 20:00h. C\u00e9tait une belle soir\u00e9e avec les Fran\u00e7ais!<\/p>\n<p style=\"text-align: justify;\">Le vendredi, avant le d\u00e9part des Fran\u00e7ais,nous avons pris un petit d\u00e9jeuner avec des fruits, des croissants et des pains au chocolats. Il y avait aussi du th\u00e9 et du caf\u00e9.<\/p>\n<p style=\"text-align: justify;\">C\u00e9tait une tr\u00e8s belle semaine avec les Fran\u00e7ais!!<\/p>\n<p style=\"text-align: justify;\">Dans deux semaines, le 8a va \u00e0 Strasbourg. Ce sera certainement aussi bien qu&#8217;ici.<\/p>\n<p style=\"text-align: justify;\">Un grand merci au F\u00f4rdeverein!!<\/p>\n<p style=\"text-align: justify;\">Un grand merci \u00e9galement \u00e0 notre professeur de francais Madame Maretzki pour avoir organis\u00e9 et accompagn\u00e9 nos excursions!!!<\/p>\n<p style=\"text-align: justify;\"><em>Maria H., 8a<\/em><\/p>\n","protected":false},"excerpt":{"rendered":"<p>In der Woche vom 18.02.2024 (Sonntag) bis zum 23.02.2024 (Freitag) kamen aus Stra\u00dfburg 31 Austauschsch\u00fcler:innen zu uns in die Klasse. Fast alle aus unserer Klasse nahmen eine:n Sch\u00fcler:in auf. Unsere Austauschgruppe unternahm am Montag einen Stadtspaziergang durch Berlin, um verschiedene Attraktionen zu besichtigen. Wir besichtigten Checkpoint Charlie, Mall Of Berlin, Holocaust-Mahnmal, die Siegess\u00e4ule, den Potsdamer [&hellip;]<\/p>\n","protected":false},"author":2,"featured_media":2164,"comment_status":"closed","ping_status":"open","sticky":false,"template":"","format":"standard","meta":{"footnotes":""},"categories":[1,20,7],"tags":[],"class_list":["post-2160","post","type-post","status-publish","format-standard","has-post-thumbnail","hentry","category-allgemein","category-sprachen","category-schulleben"],"_links":{"self":[{"href":"https:\/\/fichtenblatt.de\/index.php?rest_route=\/wp\/v2\/posts\/2160","targetHints":{"allow":["GET"]}}],"collection":[{"href":"https:\/\/fichtenblatt.de\/index.php?rest_route=\/wp\/v2\/posts"}],"about":[{"href":"https:\/\/fichtenblatt.de\/index.php?rest_route=\/wp\/v2\/types\/post"}],"author":[{"embeddable":true,"href":"https:\/\/fichtenblatt.de\/index.php?rest_route=\/wp\/v2\/users\/2"}],"replies":[{"embeddable":true,"href":"https:\/\/fichtenblatt.de\/index.php?rest_route=%2Fwp%2Fv2%2Fcomments&post=2160"}],"version-history":[{"count":1,"href":"https:\/\/fichtenblatt.de\/index.php?rest_route=\/wp\/v2\/posts\/2160\/revisions"}],"predecessor-version":[{"id":2166,"href":"https:\/\/fichtenblatt.de\/index.php?rest_route=\/wp\/v2\/posts\/2160\/revisions\/2166"}],"wp:featuredmedia":[{"embeddable":true,"href":"https:\/\/fichtenblatt.de\/index.php?rest_route=\/wp\/v2\/media\/2164"}],"wp:attachment":[{"href":"https:\/\/fichtenblatt.de\/index.php?rest_route=%2Fwp%2Fv2%2Fmedia&parent=2160"}],"wp:term":[{"taxonomy":"category","embeddable":true,"href":"https:\/\/fichtenblatt.de\/index.php?rest_route=%2Fwp%2Fv2%2Fcategories&post=2160"},{"taxonomy":"post_tag","embeddable":true,"href":"https:\/\/fichtenblatt.de\/index.php?rest_route=%2Fwp%2Fv2%2Ftags&post=2160"}],"curies":[{"name":"wp","href":"https:\/\/api.w.org\/{rel}","templated":true}]}}