{"id":475,"date":"2017-04-05T16:00:59","date_gmt":"2017-04-05T14:00:59","guid":{"rendered":"http:\/\/fichtenblatt.de\/?p=475"},"modified":"2018-02-26T16:03:54","modified_gmt":"2018-02-26T15:03:54","slug":"abi-und-was-dann","status":"publish","type":"post","link":"https:\/\/fichtenblatt.de\/?p=475","title":{"rendered":"Abi &#8211; und was dann?"},"content":{"rendered":"<p style=\"text-align: justify;\"><em>Ein Artikel von <strong>Resa<\/strong> (Q4)<\/em><\/p>\n<p style=\"text-align: justify;\">Die Abiturphase ist nicht nur eine Zeit, die\u00a0 von Stress gepr\u00e4gt ist, sondern auch vom Tr\u00e4umen und Pl\u00e4ne schmieden. Manche wissen schon, wo die Reise hingehen soll und Andere wollen erstmal die neu gewonne Freiheit genie\u00dfen. Was unser Abijahrgang 2017 so vor hat, soll Inhalt der mehrteiligen Reihe \u201eAbi und was dann?\u201c sein.<br \/>\nBeim Pl\u00e4ne schmieden darf man meiner Meinung nach eins nie vergessen: \u201eViele Wege f\u00fchren nach Rom\u201c. Dass ein paar Menschen scheinbar \u00e4hnlich denken, zeigt unsere erste Interviewpartnerin.<\/p>\n<p style=\"text-align: justify;\"><strong>Ayla K. &#8211; Weil Naturwissenschaften eben doch was f\u00fcr Frauen* ist! (Teil 1)<\/strong><\/p>\n<p style=\"text-align: justify;\"><em>Resa<\/em>: Was sind deine Pl\u00e4ne f\u00fcr nach dem Abi?<br \/>\n<em>Ayla<\/em>: Ich immatrikuliere mich an der FU f\u00fcr Biologie, um dann entweder sofort studieren zu k\u00f6nnen oder ich schreibe mich f\u00fcr etwas NC-freies ein, um ein Semesterticket und weiterhin Kindergeld zu bekommen. Wenn das zweite eintritt, w\u00fcrde ich gerne \u00fcber die Seite workaway.info ins Ausland reisen und gegen Kost und Logis arbeiten &#8211; m\u00f6glichst mit Tieren.<\/p>\n<p style=\"text-align: justify;\"><em>Resa<\/em>: Warum machst du kein FSJ?<br \/>\nAyla: Die Angebote, die ich bisher in ungef\u00e4hr drei Monate langer Recherche gefunden habe, sagten mir nicht genug zu, um mich ein Jahr lang mit ihnen zu besch\u00e4ftigen und nicht staatliche Organisationen verlangen zu viel Geld.<\/p>\n<p style=\"text-align: justify;\"><em>Resa<\/em>: Warum m\u00f6chtest du gerade Biologie studieren? Was interessiert dich daran?<br \/>\n<em>Ayla<\/em>: \u201e\u00c4hm. (<em>lacht<\/em>) (Evolutions-)Biologie ist meine Leidenschaft seit der 9. Klasse. Ich w\u00fcrde dann auch in meiner Bachelorarbeit den eben genannten Schwerpunkt setzen. Nach abgeschlossenen Studium w\u00fcrde ich dann gerne in die Forschung gehen und ggf. mit einem Zweitstudium Arch\u00e4ologie knorke durchstarten.<\/p>\n<p style=\"text-align: justify;\">Australien und Neuseeland geh\u00f6ren unter Menschen, die Work-and-Travel machen mit zu den beliebtesten Zielen -, wenn mensch fragt, wo die Leute hinwollen, werden diese weit entfernten Orte oft als Ziel angegeben. Vielleicht gerade weil sie so weit weg von zu Hause sind.<\/p>\n<p style=\"text-align: justify;\"><strong>Jannes R .- Weit weit weg\u2026..<\/strong><\/p>\n<p style=\"text-align: justify;\"><em>Resa<\/em>: Was sind deine Pl\u00e4ne?<br \/>\n<em>Jannes<\/em>: Mein bester Freund und ich wollen in Neuseeland Erfahrungen sammeln und erstmal eine Rundreise machen, bei der wir uns alle Sehensw\u00fcrdigkeiten ansehen. Danach wollen wir Work und Travel machen.<\/p>\n<p style=\"text-align: justify;\"><em>Resa<\/em>: Wie?<br \/>\n<em>Jannes<\/em>: Anfangs mit einer Organisation, um abgesichert zu sein, und anschlie\u00dfend dann mehr auf eigene Faust. An sich werden wir das aber eher spontan entscheiden. Ich kann mir auch vorstellen, Jobs f\u00fcrs Gemeinwohl zu \u00fcbernehmen, also mehr im sozialen Bereich. Steht aber gerade noch nichts fest.<\/p>\n<p style=\"text-align: justify;\"><em>Resa<\/em>: Was erhoffst du dir davon?<br \/>\n<em>Jannes<\/em>: Allgemeine Joberfahrungen sammeln, vor allem auch im Umgang mit einer anderen Sprache und den Menschen vor Ort. Und vor allem eine sch\u00f6ne Zeit mit meinem besten Freund zu haben.<\/p>\n<p style=\"text-align: justify;\"><em>Resa<\/em>: Warum Neuseeland?<br \/>\n<em>Jannes<\/em>: Das ist ein Ort, an dem man sehr viel machen kann, es gibt viel zu erleben und einfach, weil es ganz weit weg ist und uns interessiert.<\/p>\n<p style=\"text-align: justify;\">Andere wiederum zieht es nicht in die Ferne, sondern in eines unserer Nachbarl\u00e4nder.<\/p>\n<p style=\"text-align: justify;\"><strong>Amina E. &#8211; Parlez-vous fran\u00e7ais?<\/strong><\/p>\n<p style=\"text-align: justify;\"><em>Resa<\/em>: Was sind deine Pl\u00e4ne?<br \/>\n<em>Amina<\/em>: Ich w\u00fcrde gerne ein FSJ machen und zwar in Frankreich, das nennt sich IJFD. Ich wurde auch schon bei einer Stelle angenommen, bei der Arche. Dann habe ich mich aber noch bei zwei anderen Stellen beworben, n\u00e4mlich einmal in einer deutsch-franz\u00f6sische Kultureinrichtung in Nantes und das andere w\u00e4re beim deutsch-franz\u00f6sisches Jugendwerk in Paris.<\/p>\n<p style=\"text-align: justify;\"><em>Resa<\/em>: Wo w\u00fcrdest du am liebsten hin?<br \/>\n<em>Amina<\/em>: Am liebsten w\u00fcrde ich nach Nantes, das ist im Nordwesten, an der K\u00fcste.<\/p>\n<p style=\"text-align: justify;\"><em>Resa<\/em>: Und warum gerade Frankreich?<br \/>\nAmina: Ich hab in der 10. Klasse schon einen dreimonatigen Austausch gemacht. Ich war sehr begeistert von dem Land und von denen Menschen, sodass ich entschieden hab, dass ich nach dem Abi gerne nochmal dahin will.<\/p>\n<p style=\"text-align: justify;\"><em>Resa<\/em>: W\u00e4re es auch auf l\u00e4ngere Zeit was f\u00fcr dich?<br \/>\nAmina: Ja, ich glaub zwar, studieren in Frankreich w\u00e4re jetzt nichts f\u00fcr mich, aber ich liebe es da zu sein und ich besuche auch meine Gastfamilie immer.<\/p>\n<p style=\"text-align: justify;\"><em>Resa<\/em>: Was erhoffst du dir vom FSJ?<br \/>\n<em>Amina<\/em>: Ich erhoffe mir einerseits, dass ich meine Franz\u00f6sischkenntnisse verbessere, andererseits hoffe ich, Arbeitserfahrungen zu sammeln und mich auch ein bisschen beruflich orientieren zu k\u00f6nnen.<\/p>\n<p style=\"text-align: justify;\">\u00a0\u201eIm Wald zwei Wege boten sich mir dar,<br \/>\nund ich nahm den, der weniger betreten war<br \/>\nund dies ver\u00e4nderte mein Leben\u201c<br \/>\n<em>Robert Lee Frost<\/em><\/p>\n<p style=\"text-align: justify;\">Auch wenn vor allem auf dem Gymnasium den Menschen eingetrichtert wird, dass das Hauptziel unseres jungen Lebens das erfolgreiche Absolvieren des Abiturs ist, lebt es sich auch ganz gut ohne. Das zurzeit prominenteste Beispiel daf\u00fcr ist wohl der SPD-Kanzler-Kandidat Martin Schulz. Trotzdem f\u00e4llt die Entscheidung vielen schwer, vor allem weil am Abitur so viele Erwartungen von einem selbst, den Eltern und der Schule h\u00e4ngen. Eben weil es so schwer f\u00e4llt sich als Gymniast*innen gegen das Abitur in 12 Jahren zu entscheiden, ist es umso wichtiger zu erw\u00e4hnen, dass man sich auch dagegen entscheiden kann zum Abitur anzutreten.<\/p>\n<p style=\"text-align: justify;\"><strong>Niklas O. &#8211; Ab ins Gr\u00fcne<\/strong><\/p>\n<p style=\"text-align: justify;\"><em>Resa<\/em>: Was willst du machen?<br \/>\n<em>Niklas<\/em>: Ich m\u00f6chte ein F\u00d6J (Freiwilliges \u00d6kologisches Jahr) entweder auf Sylt oder in Bayern machen.<\/p>\n<p style=\"text-align: justify;\"><em>Resa<\/em>: Was bedeutet F\u00d6J? Was macht man da?<br \/>\n<em>Niklas<\/em>: Man macht ein einj\u00e4hriges Praktikum im \u00f6kologischen Bereich. Es ist der Gegenpart zum FSJ und je nachdem, wo man landet, sind die Haupteinsatzgebiete Naturschutz und den\u00a0 richtigen Umgang mit der Natur zu erlernen.<\/p>\n<p style=\"text-align: justify;\"><em>Resa<\/em>: Warum willst du das machen?<br \/>\n<em>Niklas<\/em>: Ein Grund ist, dass ich mich noch nicht f\u00fcr ein paar Jahre festlegen m\u00f6chte, durch bspw. ein Studium oder eine Ausbildung. Zudem m\u00f6chte ich lernen selbstst\u00e4ndiger zu werden und ich denke, dass ich daf\u00fcr raus von zu Hause muss.<\/p>\n<p style=\"text-align: justify;\"><em>Resa<\/em>: Was erhoffst du dir davon?<br \/>\n<em>Niklas<\/em>: Ich m\u00f6chte Erfahrungen sammeln und eine Idee davon bekommen, ob die Arbeit im \u00f6kologischen Bereich, was f\u00fcr mich w\u00e4re. Au\u00dferdem bekomme ich Einblicke in einen alternativen Lebensstil als Alternative zum Stadtleben.<\/p>\n<p style=\"text-align: justify;\"><em>Resa<\/em>: Der geebnete Weg ist also nicht so deins?<br \/>\n<em>Niklas<\/em>: Richtig. Ich habe mich auch vor einigen Wochen entschieden, nicht zu den Abiturpr\u00fcfungen anzutreten, da weder die Motivation noch die Kraft f\u00fcr den ganzen Stress vorhanden sind. Die Wochen, die ich so einspare, m\u00f6chte ich als Vorbereitung f\u00fcr das F\u00d6J nutzen &#8211; von einem Minijob bis hin zu, wie bediene ich eine Waschmaschine.<\/p>\n<p style=\"text-align: justify;\"><em>Resa<\/em>: Was ist die Perspektive f\u00fcr dich ohne Abi?<br \/>\n<em>Niklas<\/em>: Also ich sehe es so, dass unsere heutige Gesellschaft, die nur auf Noten und dem Zertifikat Abitur, das so viel bedeutet wie \u201eich bin schlau\u201c beruht. Dennoch ist es heute m\u00f6glich einen Weg ohne Abitur zu gehen, der einem gen\u00fcgend M\u00f6glichkeiten f\u00fcr die Zukunft und auf dem Arbeitsmarkt bietet.<\/p>\n","protected":false},"excerpt":{"rendered":"<p>Ein Artikel von Resa (Q4) Die Abiturphase ist nicht nur eine Zeit, die\u00a0 von Stress gepr\u00e4gt ist, sondern auch vom Tr\u00e4umen und Pl\u00e4ne schmieden. Manche wissen schon, wo die Reise hingehen soll und Andere wollen erstmal die neu gewonne Freiheit genie\u00dfen. Was unser Abijahrgang 2017 so vor hat, soll Inhalt der mehrteiligen Reihe \u201eAbi und [&hellip;]<\/p>\n","protected":false},"author":2,"featured_media":0,"comment_status":"closed","ping_status":"open","sticky":false,"template":"","format":"standard","meta":{"footnotes":""},"categories":[18,1],"tags":[],"class_list":["post-475","post","type-post","status-publish","format-standard","hentry","category-abi","category-allgemein"],"_links":{"self":[{"href":"https:\/\/fichtenblatt.de\/index.php?rest_route=\/wp\/v2\/posts\/475","targetHints":{"allow":["GET"]}}],"collection":[{"href":"https:\/\/fichtenblatt.de\/index.php?rest_route=\/wp\/v2\/posts"}],"about":[{"href":"https:\/\/fichtenblatt.de\/index.php?rest_route=\/wp\/v2\/types\/post"}],"author":[{"embeddable":true,"href":"https:\/\/fichtenblatt.de\/index.php?rest_route=\/wp\/v2\/users\/2"}],"replies":[{"embeddable":true,"href":"https:\/\/fichtenblatt.de\/index.php?rest_route=%2Fwp%2Fv2%2Fcomments&post=475"}],"version-history":[{"count":4,"href":"https:\/\/fichtenblatt.de\/index.php?rest_route=\/wp\/v2\/posts\/475\/revisions"}],"predecessor-version":[{"id":748,"href":"https:\/\/fichtenblatt.de\/index.php?rest_route=\/wp\/v2\/posts\/475\/revisions\/748"}],"wp:attachment":[{"href":"https:\/\/fichtenblatt.de\/index.php?rest_route=%2Fwp%2Fv2%2Fmedia&parent=475"}],"wp:term":[{"taxonomy":"category","embeddable":true,"href":"https:\/\/fichtenblatt.de\/index.php?rest_route=%2Fwp%2Fv2%2Fcategories&post=475"},{"taxonomy":"post_tag","embeddable":true,"href":"https:\/\/fichtenblatt.de\/index.php?rest_route=%2Fwp%2Fv2%2Ftags&post=475"}],"curies":[{"name":"wp","href":"https:\/\/api.w.org\/{rel}","templated":true}]}}